{"id":312,"date":"2017-06-28T03:47:10","date_gmt":"2017-06-28T03:47:10","guid":{"rendered":"http:\/\/eee502moreno.com.ar\/moreno\/?p=312"},"modified":"2021-03-02T15:40:32","modified_gmt":"2021-03-02T15:40:32","slug":"equipo-tecnico","status":"publish","type":"post","link":"https:\/\/eee502moreno.com.ar\/moreno\/equipo-tecnico\/","title":{"rendered":"Equipo T\u00e9cnico"},"content":{"rendered":"<p>El Equipo T\u00e9cnico est\u00e1 integrado por:<\/p>\n<p>&#8211; Fonoaudi\u00f3loga: Sandra Medina<br \/>\n&#8211; Asistente Social: Mar\u00eda de los \u00c1ngeles Herrera<br \/>\n&#8211; Asistente Educacional: Claudia Sassoni<\/p>\n<p>Sus tareas principales son:<\/p>\n<p>&#8211; Admisi\u00f3n de alumnos nuevos (diagn\u00f3stico, asesoramiento y plan de tratamiento)<br \/>\n&#8211; Asesoramientos para padres, derivaci\u00f3n a especialistas externos, seguimiento de tratamientos.<br \/>\n&#8211; Prevenci\u00f3n y tratamiento del ausentismo.<br \/>\n&#8211; Asesoramiento para todo el Equipo Transdisciplinario, cada una desde su formaci\u00f3n espec\u00edfica.<br \/>\n&#8211; Planificaci\u00f3n y desarrollo de reuniones de equipo para la evaluaci\u00f3n de procesos, planificaci\u00f3n de estrategias de trabajo, propuestas diversificadas, configuraciones de apoyo y seguimiento de los alumnos.<br \/>\n&#8211; Participaci\u00f3n en los proyectos \u00e1ulicos, de integraci\u00f3n e institucionales.<br \/>\n&#8211; Orientaci\u00f3n para los alumnos que egresan y seguimiento de los egresados para asegurar la continuidad educativa.<br \/>\n&#8211; Articulaci\u00f3n con otras instituciones barriales, municipales, provinciales, etc. Trabajo en red.<\/p>\n<p>Adem\u00e1s de estas actividades que el equipo T\u00e9cnico realiza en forma coordinada y cada una desde su rol espec\u00edfico, cada integrante del Equipo T\u00e9cnico, desarrolla un Proyecto en alguno de los Niveles Educativos:<\/p>\n<p>&#8211; La Fonoaudi\u00f3loga realiza talleres de estimulaci\u00f3n del las Pr\u00e1cticas del Lenguaje Oral, en el Nivel Inicial y 1\u00b0 Ciclo de Primaria.<br \/>\n&#8211; La Asistente Educacional implementa talleres de alfabetizaci\u00f3n y desarrollo de habilidades para leer y escribir, desde un enfoque comunicacional, en 2\u00aa Ciclo de Primaria.<br \/>\n&#8211; La Asistente Social participa en los talleres de Construcci\u00f3n de Ciudadan\u00eda del CFI y organiza las propuestas para padres del mismo Nivel.<\/p>\n","protected":false},"excerpt":{"rendered":"<p>El Equipo T\u00e9cnico est\u00e1 integrado por: &#8211; Fonoaudi\u00f3loga: Sandra Medina &#8211; Asistente Social: Mar\u00eda de los \u00c1ngeles Herrera &#8211; Asistente<\/p>\n","protected":false},"author":2,"featured_media":315,"comment_status":"closed","ping_status":"closed","sticky":false,"template":"","format":"standard","meta":{"colormag_page_container_layout":"default_layout","colormag_page_sidebar_layout":"default_layout","_jetpack_memberships_contains_paid_content":false,"footnotes":""},"categories":[33],"tags":[],"class_list":["post-312","post","type-post","status-publish","format-standard","has-post-thumbnail","hentry","category-equipo-tecnico"],"jetpack_featured_media_url":"https:\/\/eee502moreno.com.ar\/moreno\/wp-content\/uploads\/2017\/06\/equipo_tecnico.jpg","jetpack_sharing_enabled":true,"_links":{"self":[{"href":"https:\/\/eee502moreno.com.ar\/moreno\/wp-json\/wp\/v2\/posts\/312","targetHints":{"allow":["GET"]}}],"collection":[{"href":"https:\/\/eee502moreno.com.ar\/moreno\/wp-json\/wp\/v2\/posts"}],"about":[{"href":"https:\/\/eee502moreno.com.ar\/moreno\/wp-json\/wp\/v2\/types\/post"}],"author":[{"embeddable":true,"href":"https:\/\/eee502moreno.com.ar\/moreno\/wp-json\/wp\/v2\/users\/2"}],"replies":[{"embeddable":true,"href":"https:\/\/eee502moreno.com.ar\/moreno\/wp-json\/wp\/v2\/comments?post=312"}],"version-history":[{"count":6,"href":"https:\/\/eee502moreno.com.ar\/moreno\/wp-json\/wp\/v2\/posts\/312\/revisions"}],"predecessor-version":[{"id":556,"href":"https:\/\/eee502moreno.com.ar\/moreno\/wp-json\/wp\/v2\/posts\/312\/revisions\/556"}],"wp:featuredmedia":[{"embeddable":true,"href":"https:\/\/eee502moreno.com.ar\/moreno\/wp-json\/wp\/v2\/media\/315"}],"wp:attachment":[{"href":"https:\/\/eee502moreno.com.ar\/moreno\/wp-json\/wp\/v2\/media?parent=312"}],"wp:term":[{"taxonomy":"category","embeddable":true,"href":"https:\/\/eee502moreno.com.ar\/moreno\/wp-json\/wp\/v2\/categories?post=312"},{"taxonomy":"post_tag","embeddable":true,"href":"https:\/\/eee502moreno.com.ar\/moreno\/wp-json\/wp\/v2\/tags?post=312"}],"curies":[{"name":"wp","href":"https:\/\/api.w.org\/{rel}","templated":true}]}}