{"id":309,"date":"2017-06-28T03:33:30","date_gmt":"2017-06-28T03:33:30","guid":{"rendered":"http:\/\/eee502moreno.com.ar\/moreno\/?p=309"},"modified":"2021-03-20T20:52:35","modified_gmt":"2021-03-20T20:52:35","slug":"area-educativa","status":"publish","type":"post","link":"https:\/\/eee502moreno.com.ar\/moreno\/area-educativa\/","title":{"rendered":"\u00c1rea Educativa"},"content":{"rendered":"<p>El Equipo Directivo est\u00e1 conformado por:<\/p>\n<p>&#8211; Director: Marcela Gerez.<br \/>\n&#8211; Vicedirectora: Olga Del Rosario.<br \/>\n&#8211; Secretaria: Gisela Araoz.<\/p>\n<p>El Equipo Directivo coordina el Proyecto Institucional a trav\u00e9s del Proyecto Educativo de Supervisi\u00f3n, teniendo en cuenta tres dimensiones:<\/p>\n<p>1. Dimensi\u00f3n Administrativa Organizacional.<br \/>\n2. Dimensi\u00f3n Pedag\u00f3gico Curricular.<br \/>\n3. Dimensi\u00f3n Pol\u00edtica Social.<\/p>\n<p>Propuesta Educativa:<\/p>\n<p>La EEE N\u00b0 502 de Moreno define, articula y desarrolla propuestas educativas y recursos de apoyo, que posibilitan Trayectorias Educativas Integrales y Diversificadas, para ni\u00f1os y j\u00f3venes con NE derivadas de la Discapacidad Intelectual, garantizando una Educaci\u00f3n de calidad e igualdad de oportunidades de acceso al Curr\u00edculum, para todos\/as nuestros\/as alumnos\/as.<\/p>\n<p>La Propuesta Educativa est\u00e1 organizada en dos \u00e1reas:<\/p>\n<p>\u00c1rea de Formaci\u00f3n General<\/p>\n<p>\u00c1rea Tecnol\u00f3gica.<\/p>\n<p>A su vez, est\u00e1 atravesada por tres niveles:<\/p>\n<p>Inicial (3 a 6 a\u00f1os)<\/p>\n<p>Primario (7 a 14 a\u00f1os)<\/p>\n<p>Centro Integral del Joven y Adolescente con Discapacidad (14 a 16 a\u00f1os).<\/p>\n<p>Los proyectos del \u00c1rea de Formaci\u00f3n Acad\u00e9mica se planifican en base al Dise\u00f1o Curricular del Nivel Correspondiente, y los del \u00c1rea Tecnol\u00f3gica, en base a la Resoluci\u00f3n N\u00b0 4418\/11: \u201cPropuesta para la Iniciaci\u00f3n a la Formaci\u00f3n Laboral en Educaci\u00f3n Especial \u2013 Nivel Primario\u201d \u2013 \u201cPropuesta Curricular para la Formaci\u00f3n Integral de Adolescentes, J\u00f3venes y Adultos con Discapacidad\u201d.<br \/>\nEn todos los casos, se tienen en cuenta las orientaciones de las Resoluciones, las Disposiciones y los Documentos de Apoyo de la Direcci\u00f3n de Educaci\u00f3n Especial, para la definici\u00f3n de las Trayectorias Educativas Integrales y las Configuraciones de Apoyo Individuales.<br \/>\nEn todas las propuestas se tienen en cuenta tanto las NE derivadas de la Discapacidad de cada estudiante, como sus conocimientos previos, habilidades e intereses particulares y su realidad hist\u00f3rica y social.<br \/>\nTodos los Proyectos incluyen el desarrollo de conceptos y pr\u00e1cticas de Construcci\u00f3n de Ciudadan\u00eda, a fin fomentar en nuestros\/as alumnos\/as la autonom\u00eda y autodeterminaci\u00f3n para mejorar la calidad de vida de cada uno\/a.<\/p>\n<p>En el transcurso del a\u00f1o, los maestros\/as realizan tres informes para cada alumno\/a: inicial, medio y final, que se utilizan para el an\u00e1lisis y la toma de decisiones en relaci\u00f3n a las Trayectorias Individuales y la organizaci\u00f3n institucional. Los mismos se archivan en los legajos personales. Adem\u00e1s, cada docente completa un informe trimestral en los boletines de calificaciones, para informar a las familias sobre los avances pedag\u00f3gicos de sus hijos.<\/p>\n","protected":false},"excerpt":{"rendered":"<p>El Equipo Directivo est\u00e1 conformado por: &#8211; Director: Marcela Gerez. &#8211; Vicedirectora: Olga Del Rosario. &#8211; Secretaria: Gisela Araoz. El<\/p>\n","protected":false},"author":2,"featured_media":310,"comment_status":"closed","ping_status":"closed","sticky":false,"template":"","format":"standard","meta":{"colormag_page_container_layout":"default_layout","colormag_page_sidebar_layout":"default_layout","_jetpack_memberships_contains_paid_content":false,"footnotes":""},"categories":[40],"tags":[],"class_list":["post-309","post","type-post","status-publish","format-standard","has-post-thumbnail","hentry","category-area-educativa"],"jetpack_featured_media_url":"https:\/\/eee502moreno.com.ar\/moreno\/wp-content\/uploads\/2017\/06\/area_educativa.jpg","jetpack_sharing_enabled":true,"_links":{"self":[{"href":"https:\/\/eee502moreno.com.ar\/moreno\/wp-json\/wp\/v2\/posts\/309","targetHints":{"allow":["GET"]}}],"collection":[{"href":"https:\/\/eee502moreno.com.ar\/moreno\/wp-json\/wp\/v2\/posts"}],"about":[{"href":"https:\/\/eee502moreno.com.ar\/moreno\/wp-json\/wp\/v2\/types\/post"}],"author":[{"embeddable":true,"href":"https:\/\/eee502moreno.com.ar\/moreno\/wp-json\/wp\/v2\/users\/2"}],"replies":[{"embeddable":true,"href":"https:\/\/eee502moreno.com.ar\/moreno\/wp-json\/wp\/v2\/comments?post=309"}],"version-history":[{"count":4,"href":"https:\/\/eee502moreno.com.ar\/moreno\/wp-json\/wp\/v2\/posts\/309\/revisions"}],"predecessor-version":[{"id":566,"href":"https:\/\/eee502moreno.com.ar\/moreno\/wp-json\/wp\/v2\/posts\/309\/revisions\/566"}],"wp:featuredmedia":[{"embeddable":true,"href":"https:\/\/eee502moreno.com.ar\/moreno\/wp-json\/wp\/v2\/media\/310"}],"wp:attachment":[{"href":"https:\/\/eee502moreno.com.ar\/moreno\/wp-json\/wp\/v2\/media?parent=309"}],"wp:term":[{"taxonomy":"category","embeddable":true,"href":"https:\/\/eee502moreno.com.ar\/moreno\/wp-json\/wp\/v2\/categories?post=309"},{"taxonomy":"post_tag","embeddable":true,"href":"https:\/\/eee502moreno.com.ar\/moreno\/wp-json\/wp\/v2\/tags?post=309"}],"curies":[{"name":"wp","href":"https:\/\/api.w.org\/{rel}","templated":true}]}}