{"id":281,"date":"2017-06-27T15:15:35","date_gmt":"2017-06-27T15:15:35","guid":{"rendered":"http:\/\/eee502moreno.com.ar\/moreno\/?p=281"},"modified":"2017-07-03T20:53:37","modified_gmt":"2017-07-03T20:53:37","slug":"bandera-de-sereonia","status":"publish","type":"post","link":"https:\/\/eee502moreno.com.ar\/moreno\/bandera-de-sereonia\/","title":{"rendered":"Bandera de Ceremonia"},"content":{"rendered":"<p>El\u00a0 Se\u00f1or <strong>Ezequiel Wajncer<\/strong>, Secretario de Educaci\u00f3n de Moreno. Realiz\u00f3 la entrega de la bandera de ceremonia y mastil para Nivel Inicial a <strong>Marcela Gerez<\/strong>, Directora de la EEE N\u00b0 502 de Moreno.<\/p>\n<p>La E.E.E. N\u00b0502 \u00a0ofrece a los\/as alumnos\/as Propuestas Educativas Integrales a trav\u00e9s de Proyectos de Integraci\u00f3n en los tres niveles del Sistema Educativo y en la Modalidad de Adultos. Tambi\u00e9n cuenta con grupos de Formaci\u00f3n Acad\u00e9mica y Tecnol\u00f3gica en nuestra sede, Nivel Inicial, Primario y C.F.I. A su vez, realiza articulaciones con instituciones deportivas, culturales y de capacitaci\u00f3n laboral, a fin de desarrollar propuestas diversificadas y abiertas, que aseguren la inclusi\u00f3n educativa de todos aquellos\/as que, por las dificultades espec\u00edficas \u00a0derivadas de su discapacidad, no puedan realizar sus aprendizajes en escuelas de educaci\u00f3n com\u00fan.<\/p>\n<p>Agradecemos la buena volutad y predisposici\u00f3n de Ezequiel, para solucionar problemas de infraestructura de nuestra escuela. Este tipo de apoyo forman parte del crecimiento para nuestros alumnos que siempre est\u00e1n necesitado del cari\u00f1o de quienes nos ayudan.<\/p>\n<p>&nbsp;<\/p>\n","protected":false},"excerpt":{"rendered":"<p>El\u00a0 Se\u00f1or Ezequiel Wajncer, Secretario de Educaci\u00f3n de Moreno. Realiz\u00f3 la entrega de la bandera de ceremonia y mastil para<\/p>\n","protected":false},"author":2,"featured_media":282,"comment_status":"open","ping_status":"open","sticky":false,"template":"","format":"standard","meta":{"colormag_page_container_layout":"default_layout","colormag_page_sidebar_layout":"default_layout","_jetpack_memberships_contains_paid_content":false,"footnotes":""},"categories":[39,26,25],"tags":[],"class_list":["post-281","post","type-post","status-publish","format-standard","has-post-thumbnail","hentry","category-colegio-juan-23","category-ezequiel-wajncer","category-institucional"],"jetpack_featured_media_url":"https:\/\/eee502moreno.com.ar\/moreno\/wp-content\/uploads\/2017\/06\/wajncer_bandera.jpg","jetpack_sharing_enabled":true,"_links":{"self":[{"href":"https:\/\/eee502moreno.com.ar\/moreno\/wp-json\/wp\/v2\/posts\/281","targetHints":{"allow":["GET"]}}],"collection":[{"href":"https:\/\/eee502moreno.com.ar\/moreno\/wp-json\/wp\/v2\/posts"}],"about":[{"href":"https:\/\/eee502moreno.com.ar\/moreno\/wp-json\/wp\/v2\/types\/post"}],"author":[{"embeddable":true,"href":"https:\/\/eee502moreno.com.ar\/moreno\/wp-json\/wp\/v2\/users\/2"}],"replies":[{"embeddable":true,"href":"https:\/\/eee502moreno.com.ar\/moreno\/wp-json\/wp\/v2\/comments?post=281"}],"version-history":[{"count":5,"href":"https:\/\/eee502moreno.com.ar\/moreno\/wp-json\/wp\/v2\/posts\/281\/revisions"}],"predecessor-version":[{"id":288,"href":"https:\/\/eee502moreno.com.ar\/moreno\/wp-json\/wp\/v2\/posts\/281\/revisions\/288"}],"wp:featuredmedia":[{"embeddable":true,"href":"https:\/\/eee502moreno.com.ar\/moreno\/wp-json\/wp\/v2\/media\/282"}],"wp:attachment":[{"href":"https:\/\/eee502moreno.com.ar\/moreno\/wp-json\/wp\/v2\/media?parent=281"}],"wp:term":[{"taxonomy":"category","embeddable":true,"href":"https:\/\/eee502moreno.com.ar\/moreno\/wp-json\/wp\/v2\/categories?post=281"},{"taxonomy":"post_tag","embeddable":true,"href":"https:\/\/eee502moreno.com.ar\/moreno\/wp-json\/wp\/v2\/tags?post=281"}],"curies":[{"name":"wp","href":"https:\/\/api.w.org\/{rel}","templated":true}]}}